{"provider_url": "https://www.joaoneiva.es.leg.br", "title": "Sess\u00e3o Extraordin\u00e1ria", "html": "<p style=\"text-align: justify; \">\u00a0</p>\r\n<p style=\"text-align: justify; \">O Presidente da C\u00e2mara Municipal de Jo\u00e3o Neiva, Vereador Waldemar Jos\u00e9 de Barros, atrav\u00e9s do Ato da Presid\u00eancia n\u00ba 048/2017 deu ci\u00eancia\u00a0aos\u00a0nobres Vereadores\u00a0da<span>\u00a0 convoca\u00e7\u00e3o feita pelo Exmo. Sr. Prefeito Municipal para Sess\u00e3o Extraordin\u00e1ria a realizar-se no <b>dia 26/09/2017</b></span><span>, ter\u00e7a-feira, </span><b><span>\u00e0s 18 horas</span></b><span>, no Plen\u00e1rio da C\u00e2mara, cuja aprecia\u00e7\u00e3o ser\u00e1\u00a0 a seguinte mat\u00e9ria :</span><span>\u00a0</span></p>\r\n<ul>\r\n<li>\r\n<p><b>Projeto de Lei n\u00ba 1.612/2017</b> \u2013 que altera dispositivos da Lei Municipal n\u00ba 485/1994, que instituiu o C\u00f3digo Tribut\u00e1rio do Munic\u00edpio de Jo\u00e3o Neiva, e d\u00e1 outras provid\u00eancias.</p>\r\n</li>\r\n</ul>", "author_name": "", "version": "1.0", "author_url": "https://www.joaoneiva.es.leg.br/author/jon", "provider_name": "C\u00e2mara Municipal de Jo\u00e3o Neiva - ES", "type": "rich"}