{"provider_url": "https://www.joaoneiva.es.leg.br", "title": "Sess\u00e3o Solene - Homenageados", "html": "<p>\u00a0</p>\r\n<p>Veja quem ser\u00e3o os homenageados na Sess\u00e3o Solene:</p>\r\n<p>\u00a0</p>\r\n<p>Homenageados do Vereador <b>ADEMIR FAGUNDES DEAMBROSIO (JUNIOR)</b>, atrav\u00e9s do Projeto de Lei n\u00ba 278 a 280/2019.</p>\r\n<p>** <b>CIDADANIA</b></p>\r\n<p>- SRA. CELITA APARECIDA VIANA</p>\r\n<p>- SR. CARLOS ANDR\u00c9 FRANCA DE SOUZA</p>\r\n<p>\u00a0</p>\r\n<p>** <b>HONRA AO M\u00c9RITO</b></p>\r\n<p>- GET\u00daLIO DELUNARDO</p>\r\n<p>\u00a0</p>\r\n<p>Homenageados do Vereador <b>GLAUBER TONON</b>, atrav\u00e9s dos Projetos de Lei n\u00bas 272 a 277/2019.</p>\r\n<p>\u00a0** <b>CIDADANIA</b></p>\r\n<p>- SR. JOSE HERM\u00cdNIO DE SOUZA</p>\r\n<p>\u00a0</p>\r\n<p>** <b>HONRA AO M\u00c9RITO</b></p>\r\n<p>- SRTA. RENATA RUY DE ANGELI</p>\r\n<p>- SR. ANT\u00d4NIO JOS\u00c9 GIACOMIN</p>\r\n<p>- SR. FRANCARLOS GABRIEL</p>\r\n<p>- SR. GENARIO PANDOLFI</p>\r\n<p>- SR. GILSON DOS SANTOS LOPES FILHO</p>\r\n<p>\u00a0</p>\r\n<p>Homenageados do Vereador <b>JO\u00c3O GERALDO F\u00c1VARO</b>, atrav\u00e9s dos Projetos de Lei n\u00bas 266 a 271/2019.</p>\r\n<p>\u00a0** <b>CIDADANIA</b></p>\r\n<p>- SRA. NAT\u00c1LI SMIDERLE ROSSONI</p>\r\n<p>- SR. LUIZ FRANCISCO DE OLIVEIRA</p>\r\n<p>\u00a0</p>\r\n<p>** <b>HONRA AO M\u00c9RITO</b></p>\r\n<p>- SRA. MARIA AUXILIADORA F\u00c1VARO PANDOLFI</p>\r\n<p>- SRA. MARIA JOS\u00c9 GRIPPA</p>\r\n<p>- SR. ALAERTE F CARRARETO</p>\r\n<p>- SR. CLAUDIONOR DO NASCIMENTO</p>\r\n<p>\u00a0</p>\r\n<p>Homenageados do Vereador <b>LAERTE ALVES LIESNER</b>, atrav\u00e9s dos Projetos de Lei n\u00bas 282 a 287/2019.</p>\r\n<p>\u00a0** <b>CIDADANIA</b></p>\r\n<p>- SRA. ROSALINA DA SILVA SABAINE</p>\r\n<p>- SR. DANIEL CORDEIRO</p>\r\n<p>- SR. UBIRAJARA AZEVEDO</p>\r\n<p>\u00a0</p>\r\n<p>** <b>HONRA AO M\u00c9RITO</b></p>\r\n<p>- SRA. CARLA SILVANA LEITE DO NASCIMENTO</p>\r\n<p>- SR. HALPHER LUIGGI M\u00d4NICO ROSA</p>\r\n<p>- DR. GEDEON ROCHA LIMA J\u00daNIOR</p>\r\n<p>\u00a0</p>\r\n<p>Homenageado do Vereador <b>LUIZ CARLOS AD\u00c3O (KAK\u00c1)</b>, atrav\u00e9s dos Projetos de Lei n\u00ba 281/2019.</p>\r\n<p>\u00a0** <b>HONRA AO M\u00c9RITO</b></p>\r\n<p>- DR. CLEMILDITON ALVES DE OLIVEIRA</p>\r\n<p>\u00a0</p>\r\n<p>Homenageados do Vereador <b>MARCELO CAMPOSTRINI</b>, atrav\u00e9s dos Projetos de Lei n\u00bas 288 a 292/2019.</p>\r\n<p>\u00a0** <b>CIDADANIA</b></p>\r\n<p>- SR. DANTAS CAMPOSTRINI VIEIRA</p>\r\n<p>- SR. LAERCIO CAMPOSTRINI DE SOUZA</p>\r\n<p>- SR. PAULO HENRIQUE BOBBIO</p>\r\n<p><b>\u00a0</b></p>\r\n<p>** <b>HONRA AO M\u00c9RITO</b><b></b></p>\r\n<p>- SRA. ISABELLA MORELLATO CARLESSO SPINASS\u00c9</p>\r\n<p>- SR. CRISTIANO DA R\u00d3S ROSA</p>\r\n<p>\u00a0</p>\r\n<p>Homenageados do Vereador <b>M\u00c1RIO HENRIQUE MARIM REALI</b>, atrav\u00e9s dos Projetos de Lei n\u00bas 293 a 295/2019.</p>\r\n<p>\u00a0** <b>CIDADANIA</b></p>\r\n<p>- SR. FABIANO CONTARATO \u2013 SENADOR DA REP\u00daBLICA</p>\r\n<p>- SR. JOS\u00c9 MARIA DE ABREU J\u00daNIOR</p>\r\n<p>- SR. JO\u00c3O BATISTA CONTI \u2013 DEPUTADO FEDERAL</p>\r\n<p>\u00a0</p>\r\n<p>Homenageados do Vereador <b>RENAN ROSSONI PATTUZZO</b>, atrav\u00e9s dos Projetos de Lei n\u00bas 296 a 301/2019.</p>\r\n<p>\u00a0** <b>CIDADANIA</b></p>\r\n<p>- SRA. CL\u00c1UDIA L\u00daCIA DOS SANTOS DE BORTOLI</p>\r\n<p>- SRA. MARIA LUZINETE CARARETTO<b></b></p>\r\n<p>\u00a0</p>\r\n<p>** <b>HONRA AO M\u00c9RITO</b></p>\r\n<p>- SRA. LUCIN\u00c9IA CARRARA GALLO</p>\r\n<p>- SRA. N\u00daBIA DO CARMO CARLESSO</p>\r\n<p>- SRA. ROSA VIRG\u00cdNIA CERRI</p>\r\n<p>- SR. HERMEGILDO CERRI</p>\r\n<p>\u00a0</p>\r\n<p>Homenageados do Vereador <b>WALDEMAR JOS\u00c9 DE BARROS</b>, atrav\u00e9s dos Projetos de Lei n\u00bas 302 a 307/2019.</p>\r\n<p>\u00a0** <b>CIDADANIA</b></p>\r\n<p>- SRA. ALBERTINA DE BARROS COZER</p>\r\n<p>- SR. CLEBER JOS\u00c9 F\u00c9LIX</p>\r\n<p>- SR. FABR\u00cdCIO H\u00c9RICK MACHADO</p>\r\n<p>- SR. RENZO VASCOLNCELOS, DEPUTADO ESTADUAL</p>\r\n<p>\u00a0\u00a0</p>\r\n<p>** <b>HONRA AO M\u00c9RITO</b></p>\r\n<p>- SR. ALESSANDRO BARROS GOMES</p>\r\n<p>- SR. UEDER DE BARROS MONFARDINI</p>", "author_name": "", "version": "1.0", "author_url": "https://www.joaoneiva.es.leg.br/author/jon", "provider_name": "C\u00e2mara Municipal de Jo\u00e3o Neiva - ES", "type": "rich"}